{"id":4964,"date":"2019-09-17T17:16:51","date_gmt":"2019-09-17T16:16:51","guid":{"rendered":"https:\/\/www.vellaescola.com\/?p=4964"},"modified":"2019-09-19T12:21:24","modified_gmt":"2019-09-19T11:21:24","slug":"festa-10-aniversario-vella-escola-28-set","status":"publish","type":"post","link":"https:\/\/vellaescola.gal\/gl\/festa-10-aniversario-vella-escola-28-set\/","title":{"rendered":"FESTA 10 ANIVERSARIO VELLA ESCOLA (28 Set)!!!"},"content":{"rendered":"<p>O s\u00e1bado 28 de Setembro celebramos o 10 ANIVERSARIO DA VELLA ESCOLA en Noia (Paseo Mar\u00edtimo) cunha festa \u00abMixtura Urbana\u00bb \u00e1 que non podes faltar!!!<\/p>\n<p>&nbsp;<\/p>\n<p><strong>MACRO QUEDADA DE CULTURAS URBANAS<\/strong><\/p>\n<p>Breakdance | Graffiti | Parkour | Beatbox | Skate | Rap | Turntablism | Roller | Bmx | Scooter | Slackline | Street Workout | Freestyle Football | Skimboard<\/p>\n<p>&nbsp;<\/p>\n<p>&nbsp;<\/p>\n<p><strong>CAMPIONATOS<\/strong><\/p>\n<p>&nbsp;<\/p>\n<p>BATALLA DE GALOS<br \/>\n[1\u00b0 Premio &#8211; Produci\u00f3n de 2 bases musicais (por Wax &#8211; Cultura Dj) + Gravaci\u00f3n en estudio profesional + Camiseta e Gafas de Vella Escola.]<\/p>\n<p>[2\u00b0 Premio &#8211; Lote de roupa urbana (por Brother&#8217;s &amp; Sister&#8217;s Vintage Store)]<\/p>\n<p><span style=\"color: #0000ff;\"><a style=\"color: #0000ff;\" href=\"https:\/\/www.dropbox.com\/s\/7mue454q6taugay\/Bases%20del%20Concurso%20BATALLA%20DE%20GALOS%2028%20Sept%20Noia%202019.pdf?dl=0\" target=\"_blank\" rel=\"noopener noreferrer\">Descarga aqu\u00ed as bases do concurso<\/a><\/span><\/p>\n<p>&nbsp;<\/p>\n<p>PARKOUR SPEED CONTEST<\/p>\n<p>[1\u00b0 Premio &#8211; Lote de roupa (por GUP) + Camiseta exclusiva \u00ab10 Aniversario\u00bb e Gafas de Vella Escola].<\/p>\n<p>[2\u00b0 Premio &#8211; Camiseta e Gafas de Vella Escola]<\/p>\n<p>&nbsp;<\/p>\n<p>&nbsp;<\/p>\n<p><strong>EXHIBICI\u00d3NS<\/strong><\/p>\n<ul>\n<li>Graffiti Car &#8211; Pintado de Coche<\/li>\n<li>Freestyle Football<\/li>\n<li>FlatLand BMX<\/li>\n<li>Beatbox por Davbeatbox<\/li>\n<li>Rap por Risk<\/li>\n<li>RollerScooter<\/li>\n<li>Scooter<\/li>\n<\/ul>\n<p>&nbsp;<\/p>\n<p><strong>URBAN WATER SLIDE<\/strong><\/p>\n<p>Tobog\u00e1n acu\u00e1tico de 25m para a pr\u00e1ctica de Skimboard.<\/p>\n<p>&nbsp;<\/p>\n<p><strong>DJ&#8217;S<\/strong><\/p>\n<p>Wave &#8211; Live Looping (M\u00e1laga) |Bboying &amp; AllStyles<br \/>\nAyman Selektah (Santiago) | Batalla de Galos<\/p>\n<p>&nbsp;<\/p>\n<p><strong>DJ SESSION<\/strong><\/p>\n<p>Dj Koo (Gij\u00f3n)<br \/>\nMr. Fishman (Lugo)<\/p>\n<p>&nbsp;<\/p>\n<p><strong>PECHE DE FESTA<\/strong><\/p>\n<p>Sound System Session por Maislume Kolektive<\/p>\n<p>&nbsp;<\/p>\n<div>\n<p><strong>HORARIOS<\/strong><\/p>\n<\/div>\n<div>12:00 Beatbox | Skate<\/div>\n<div>14:00 C O M I D A<br \/>\n16:00 Djs | Slackline<br \/>\n17:00 Break | Parkour<br \/>\n18:00 AllStyles | Workout<br \/>\n19:00 Batalla de Galos<br \/>\n22:00 Dj Koo &amp; Mr. Fishman<br \/>\n24:00 Maislume Kolektive<br \/>\n02:00 FINAL DE FESTA<\/div>\n<p>*TODO O D\u00cdA\/ Graffiti | Skimboard | Freestyle Football | Roller | Bmx FlatLand<\/p>\n<p>&nbsp;<\/p>\n<p>&nbsp;<\/p>\n<p><strong>M\u00c1IS COUSAS<\/strong><\/p>\n<ul>\n<li>Idade m\u00ednima para participar no evento 12 anos.<\/li>\n<li>Inscrici\u00f3n de balde nas quedadas e campionatos.<\/li>\n<li>Servizo de masaxe deportivo de balde por Escuela Europea Parasanitaria.<\/li>\n<li>Sorteo de 100 Camisetas exclusivas de Vella Escola \u00ab10 Aniversario\u00bb.<\/li>\n<li>Mural xigante para deixar a t\u00faa firma no evento.<\/li>\n<\/ul>\n<div>\n<p>&nbsp;<\/p>\n<p><img fetchpriority=\"high\" decoding=\"async\" class=\"wp-image-4967 alignnone size-full\" src=\"https:\/\/www.vellaescola.com\/wp-content\/uploads\/2019\/09\/Screenshot_20190917-180220_Gallery.jpg\" width=\"1401\" height=\"2111\" srcset=\"https:\/\/vellaescola.gal\/wp-content\/uploads\/2019\/09\/Screenshot_20190917-180220_Gallery.jpg 1401w, https:\/\/vellaescola.gal\/wp-content\/uploads\/2019\/09\/Screenshot_20190917-180220_Gallery-199x300.jpg 199w, https:\/\/vellaescola.gal\/wp-content\/uploads\/2019\/09\/Screenshot_20190917-180220_Gallery-768x1157.jpg 768w, https:\/\/vellaescola.gal\/wp-content\/uploads\/2019\/09\/Screenshot_20190917-180220_Gallery-680x1024.jpg 680w, https:\/\/vellaescola.gal\/wp-content\/uploads\/2019\/09\/Screenshot_20190917-180220_Gallery-465x700.jpg 465w\" sizes=\"(max-width: 1401px) 100vw, 1401px\" \/><\/p>\n<\/div>\n<p><img decoding=\"async\" class=\"wp-image-4968 alignnone size-full lazyload\" data-src=\"https:\/\/www.vellaescola.com\/wp-content\/uploads\/2019\/09\/Screenshot_20190917-180322_Gallery.jpg\" width=\"2506\" height=\"1440\" data-srcset=\"https:\/\/vellaescola.gal\/wp-content\/uploads\/2019\/09\/Screenshot_20190917-180322_Gallery.jpg 2506w, https:\/\/vellaescola.gal\/wp-content\/uploads\/2019\/09\/Screenshot_20190917-180322_Gallery-300x172.jpg 300w, https:\/\/vellaescola.gal\/wp-content\/uploads\/2019\/09\/Screenshot_20190917-180322_Gallery-768x441.jpg 768w, https:\/\/vellaescola.gal\/wp-content\/uploads\/2019\/09\/Screenshot_20190917-180322_Gallery-1024x588.jpg 1024w, https:\/\/vellaescola.gal\/wp-content\/uploads\/2019\/09\/Screenshot_20190917-180322_Gallery-700x402.jpg 700w\" data-sizes=\"(max-width: 2506px) 100vw, 2506px\" src=\"data:image\/svg+xml;base64,PHN2ZyB3aWR0aD0iMSIgaGVpZ2h0PSIxIiB4bWxucz0iaHR0cDovL3d3dy53My5vcmcvMjAwMC9zdmciPjwvc3ZnPg==\" style=\"--smush-placeholder-width: 2506px; --smush-placeholder-aspect-ratio: 2506\/1440;\" \/><\/p>\n<p><img decoding=\"async\" class=\"wp-image-4969 alignnone size-full lazyload\" data-src=\"https:\/\/www.vellaescola.com\/wp-content\/uploads\/2019\/09\/Screenshot_20190917-180142_Gallery.jpg\" width=\"2684\" height=\"1440\" data-srcset=\"https:\/\/vellaescola.gal\/wp-content\/uploads\/2019\/09\/Screenshot_20190917-180142_Gallery.jpg 2684w, https:\/\/vellaescola.gal\/wp-content\/uploads\/2019\/09\/Screenshot_20190917-180142_Gallery-300x161.jpg 300w, https:\/\/vellaescola.gal\/wp-content\/uploads\/2019\/09\/Screenshot_20190917-180142_Gallery-768x412.jpg 768w, https:\/\/vellaescola.gal\/wp-content\/uploads\/2019\/09\/Screenshot_20190917-180142_Gallery-1024x549.jpg 1024w, https:\/\/vellaescola.gal\/wp-content\/uploads\/2019\/09\/Screenshot_20190917-180142_Gallery-700x376.jpg 700w\" data-sizes=\"(max-width: 2684px) 100vw, 2684px\" src=\"data:image\/svg+xml;base64,PHN2ZyB3aWR0aD0iMSIgaGVpZ2h0PSIxIiB4bWxucz0iaHR0cDovL3d3dy53My5vcmcvMjAwMC9zdmciPjwvc3ZnPg==\" style=\"--smush-placeholder-width: 2684px; --smush-placeholder-aspect-ratio: 2684\/1440;\" \/><\/p>\n","protected":false},"excerpt":{"rendered":"<p>O s\u00e1bado 28 de Setembro celebramos o 10 ANIVERSARIO DA VELLA ESCOLA en Noia (Paseo Mar\u00edtimo) cunha festa \u00e1 que non podes faltar!!!<\/p>","protected":false},"author":1,"featured_media":4966,"comment_status":"closed","ping_status":"closed","sticky":false,"template":"","format":"standard","meta":{"footnotes":""},"categories":[1],"tags":[969,967,970,30,137,146,968,148,13],"class_list":["post-4964","post","type-post","status-publish","format-standard","has-post-thumbnail","hentry","category-uncategorized","tag-969","tag-10-aniversario-vella-escola","tag-28-setembro","tag-cultura-urbana","tag-festa","tag-festival","tag-mixtura-urbana","tag-noia","tag-vella-escola"],"yoast_head":"<!-- This site is optimized with the Yoast SEO plugin v27.2 - https:\/\/yoast.com\/product\/yoast-seo-wordpress\/ -->\n<title>FESTA 10 ANIVERSARIO VELLA ESCOLA (28 Set)!!! - VELLA ESCOLA Cultura Urbana<\/title>\n<meta name=\"description\" content=\"O s\u00e1bado 28 de Setembro celebramos o 10 ANIVERSARIO DA VELLA ESCOLA en Noia (Paseo Mar\u00edtimo) cunha festa &quot;Mixtura Urbana&quot; \u00e1 que non podes faltar!!!\" \/>\n<meta name=\"robots\" content=\"index, follow, max-snippet:-1, max-image-preview:large, max-video-preview:-1\" \/>\n<link rel=\"canonical\" href=\"https:\/\/vellaescola.gal\/gl\/festa-10-aniversario-vella-escola-28-set\/\" \/>\n<meta property=\"og:locale\" content=\"gl_ES\" \/>\n<meta property=\"og:type\" content=\"article\" \/>\n<meta property=\"og:title\" content=\"FESTA 10 ANIVERSARIO VELLA ESCOLA (28 Set)!!! - VELLA ESCOLA Cultura Urbana\" \/>\n<meta property=\"og:description\" content=\"O s\u00e1bado 28 de Setembro celebramos o 10 ANIVERSARIO DA VELLA ESCOLA en Noia (Paseo Mar\u00edtimo) cunha festa &quot;Mixtura Urbana&quot; \u00e1 que non podes faltar!!!\" \/>\n<meta property=\"og:url\" content=\"https:\/\/vellaescola.gal\/gl\/festa-10-aniversario-vella-escola-28-set\/\" \/>\n<meta property=\"og:site_name\" content=\"VELLA ESCOLA Cultura Urbana\" \/>\n<meta property=\"article:published_time\" content=\"2019-09-17T16:16:51+00:00\" \/>\n<meta property=\"article:modified_time\" content=\"2019-09-19T11:21:24+00:00\" \/>\n<meta property=\"og:image\" content=\"https:\/\/vellaescola.gal\/wp-content\/uploads\/2019\/09\/Screenshot_20190917-180302_Gallery.jpg\" \/>\n\t<meta property=\"og:image:width\" content=\"1380\" \/>\n\t<meta property=\"og:image:height\" content=\"945\" \/>\n\t<meta property=\"og:image:type\" content=\"image\/jpeg\" \/>\n<meta name=\"author\" content=\"Vella Escola\" \/>\n<meta name=\"twitter:label1\" content=\"Escrito por\" \/>\n\t<meta name=\"twitter:data1\" content=\"Vella Escola\" \/>\n\t<meta name=\"twitter:label2\" content=\"Tempo de lectura\" \/>\n\t<meta name=\"twitter:data2\" content=\"1 minuto\" \/>\n<script type=\"application\/ld+json\" class=\"yoast-schema-graph\">{\"@context\":\"https:\/\/schema.org\",\"@graph\":[{\"@type\":\"Article\",\"@id\":\"https:\/\/vellaescola.gal\/festa-10-aniversario-vella-escola-28-set\/#article\",\"isPartOf\":{\"@id\":\"https:\/\/vellaescola.gal\/festa-10-aniversario-vella-escola-28-set\/\"},\"author\":{\"name\":\"Vella Escola\",\"@id\":\"https:\/\/vellaescola.gal\/#\/schema\/person\/23b463cde07005c21642e587efe1c6f9\"},\"headline\":\"FESTA 10 ANIVERSARIO VELLA ESCOLA (28 Set)!!!\",\"datePublished\":\"2019-09-17T16:16:51+00:00\",\"dateModified\":\"2019-09-19T11:21:24+00:00\",\"mainEntityOfPage\":{\"@id\":\"https:\/\/vellaescola.gal\/festa-10-aniversario-vella-escola-28-set\/\"},\"wordCount\":294,\"image\":{\"@id\":\"https:\/\/vellaescola.gal\/festa-10-aniversario-vella-escola-28-set\/#primaryimage\"},\"thumbnailUrl\":\"https:\/\/vellaescola.gal\/wp-content\/uploads\/2019\/09\/Screenshot_20190917-180302_Gallery.jpg\",\"keywords\":[\"10\",\"10 Aniversario Vella Escola\",\"28 Setembro\",\"Cultura Urbana\",\"festa\",\"festival\",\"Mixtura Urbana\",\"Noia\",\"Vella Escola\"],\"articleSection\":[\"Uncategorized\"],\"inLanguage\":\"gl-ES\"},{\"@type\":\"WebPage\",\"@id\":\"https:\/\/vellaescola.gal\/festa-10-aniversario-vella-escola-28-set\/\",\"url\":\"https:\/\/vellaescola.gal\/festa-10-aniversario-vella-escola-28-set\/\",\"name\":\"FESTA 10 ANIVERSARIO VELLA ESCOLA (28 Set)!!! - VELLA ESCOLA Cultura Urbana\",\"isPartOf\":{\"@id\":\"https:\/\/vellaescola.gal\/#website\"},\"primaryImageOfPage\":{\"@id\":\"https:\/\/vellaescola.gal\/festa-10-aniversario-vella-escola-28-set\/#primaryimage\"},\"image\":{\"@id\":\"https:\/\/vellaescola.gal\/festa-10-aniversario-vella-escola-28-set\/#primaryimage\"},\"thumbnailUrl\":\"https:\/\/vellaescola.gal\/wp-content\/uploads\/2019\/09\/Screenshot_20190917-180302_Gallery.jpg\",\"datePublished\":\"2019-09-17T16:16:51+00:00\",\"dateModified\":\"2019-09-19T11:21:24+00:00\",\"author\":{\"@id\":\"https:\/\/vellaescola.gal\/#\/schema\/person\/23b463cde07005c21642e587efe1c6f9\"},\"description\":\"O s\u00e1bado 28 de Setembro celebramos o 10 ANIVERSARIO DA VELLA ESCOLA en Noia (Paseo Mar\u00edtimo) cunha festa \\\"Mixtura Urbana\\\" \u00e1 que non podes faltar!!!\",\"breadcrumb\":{\"@id\":\"https:\/\/vellaescola.gal\/festa-10-aniversario-vella-escola-28-set\/#breadcrumb\"},\"inLanguage\":\"gl-ES\",\"potentialAction\":[{\"@type\":\"ReadAction\",\"target\":[\"https:\/\/vellaescola.gal\/festa-10-aniversario-vella-escola-28-set\/\"]}]},{\"@type\":\"ImageObject\",\"inLanguage\":\"gl-ES\",\"@id\":\"https:\/\/vellaescola.gal\/festa-10-aniversario-vella-escola-28-set\/#primaryimage\",\"url\":\"https:\/\/vellaescola.gal\/wp-content\/uploads\/2019\/09\/Screenshot_20190917-180302_Gallery.jpg\",\"contentUrl\":\"https:\/\/vellaescola.gal\/wp-content\/uploads\/2019\/09\/Screenshot_20190917-180302_Gallery.jpg\",\"width\":1380,\"height\":945},{\"@type\":\"BreadcrumbList\",\"@id\":\"https:\/\/vellaescola.gal\/festa-10-aniversario-vella-escola-28-set\/#breadcrumb\",\"itemListElement\":[{\"@type\":\"ListItem\",\"position\":1,\"name\":\"Home\",\"item\":\"https:\/\/vellaescola.gal\/\"},{\"@type\":\"ListItem\",\"position\":2,\"name\":\"FESTA 10 ANIVERSARIO VELLA ESCOLA (28 Set)!!!\"}]},{\"@type\":\"WebSite\",\"@id\":\"https:\/\/vellaescola.gal\/#website\",\"url\":\"https:\/\/vellaescola.gal\/\",\"name\":\"VELLA ESCOLA Cultura Urbana\",\"description\":\"L\u00edderes en Cultura Urbana en Galicia desde 2009. Talleres de Graffiti, Skate, Parkour y Breakdance para eventos e instituciones. Murales para empresas y particulares en toda Espa\u00f1a.\",\"potentialAction\":[{\"@type\":\"SearchAction\",\"target\":{\"@type\":\"EntryPoint\",\"urlTemplate\":\"https:\/\/vellaescola.gal\/?s={search_term_string}\"},\"query-input\":{\"@type\":\"PropertyValueSpecification\",\"valueRequired\":true,\"valueName\":\"search_term_string\"}}],\"inLanguage\":\"gl-ES\"},{\"@type\":\"Person\",\"@id\":\"https:\/\/vellaescola.gal\/#\/schema\/person\/23b463cde07005c21642e587efe1c6f9\",\"name\":\"Vella Escola\",\"image\":{\"@type\":\"ImageObject\",\"inLanguage\":\"gl-ES\",\"@id\":\"https:\/\/secure.gravatar.com\/avatar\/1bbf76864eea0e79eb3518b430cd3a890a26fcd8225db93b187951b4ee7b2bbc?s=96&d=mm&r=g\",\"url\":\"https:\/\/secure.gravatar.com\/avatar\/1bbf76864eea0e79eb3518b430cd3a890a26fcd8225db93b187951b4ee7b2bbc?s=96&d=mm&r=g\",\"contentUrl\":\"https:\/\/secure.gravatar.com\/avatar\/1bbf76864eea0e79eb3518b430cd3a890a26fcd8225db93b187951b4ee7b2bbc?s=96&d=mm&r=g\",\"caption\":\"Vella Escola\"},\"description\":\"Vella Escola\u00ae \u00e9 unha asociaci\u00f3n especializada na organizaci\u00f3n e difusi\u00f3n de actividades relacionadas coa Cultura Urbana en Galicia: breakdance, graffiti, skateboard, rap, beatbox, parkour, turntablism (DJ), street basket, danzas de r\u00faa, bmx, slackline, capoeira\u2026\",\"sameAs\":[\"http:\/\/www.vellaescola.com\"],\"url\":\"https:\/\/vellaescola.gal\/gl\/author\/vella_escolahotmail-com\/\"}]}<\/script>\n<!-- \/ Yoast SEO plugin. -->","yoast_head_json":{"title":"FESTA 10 ANIVERSARIO VELLA ESCOLA (28 Set)!!! - VELLA ESCOLA Cultura Urbana","description":"O s\u00e1bado 28 de Setembro celebramos o 10 ANIVERSARIO DA VELLA ESCOLA en Noia (Paseo Mar\u00edtimo) cunha festa \"Mixtura Urbana\" \u00e1 que non podes faltar!!!","robots":{"index":"index","follow":"follow","max-snippet":"max-snippet:-1","max-image-preview":"max-image-preview:large","max-video-preview":"max-video-preview:-1"},"canonical":"https:\/\/vellaescola.gal\/gl\/festa-10-aniversario-vella-escola-28-set\/","og_locale":"gl_ES","og_type":"article","og_title":"FESTA 10 ANIVERSARIO VELLA ESCOLA (28 Set)!!! - VELLA ESCOLA Cultura Urbana","og_description":"O s\u00e1bado 28 de Setembro celebramos o 10 ANIVERSARIO DA VELLA ESCOLA en Noia (Paseo Mar\u00edtimo) cunha festa \"Mixtura Urbana\" \u00e1 que non podes faltar!!!","og_url":"https:\/\/vellaescola.gal\/gl\/festa-10-aniversario-vella-escola-28-set\/","og_site_name":"VELLA ESCOLA Cultura Urbana","article_published_time":"2019-09-17T16:16:51+00:00","article_modified_time":"2019-09-19T11:21:24+00:00","og_image":[{"width":1380,"height":945,"url":"https:\/\/vellaescola.gal\/wp-content\/uploads\/2019\/09\/Screenshot_20190917-180302_Gallery.jpg","type":"image\/jpeg"}],"author":"Vella Escola","twitter_misc":{"Escrito por":"Vella Escola","Tempo de lectura":"1 minuto"},"schema":{"@context":"https:\/\/schema.org","@graph":[{"@type":"Article","@id":"https:\/\/vellaescola.gal\/festa-10-aniversario-vella-escola-28-set\/#article","isPartOf":{"@id":"https:\/\/vellaescola.gal\/festa-10-aniversario-vella-escola-28-set\/"},"author":{"name":"Vella Escola","@id":"https:\/\/vellaescola.gal\/#\/schema\/person\/23b463cde07005c21642e587efe1c6f9"},"headline":"FESTA 10 ANIVERSARIO VELLA ESCOLA (28 Set)!!!","datePublished":"2019-09-17T16:16:51+00:00","dateModified":"2019-09-19T11:21:24+00:00","mainEntityOfPage":{"@id":"https:\/\/vellaescola.gal\/festa-10-aniversario-vella-escola-28-set\/"},"wordCount":294,"image":{"@id":"https:\/\/vellaescola.gal\/festa-10-aniversario-vella-escola-28-set\/#primaryimage"},"thumbnailUrl":"https:\/\/vellaescola.gal\/wp-content\/uploads\/2019\/09\/Screenshot_20190917-180302_Gallery.jpg","keywords":["10","10 Aniversario Vella Escola","28 Setembro","Cultura Urbana","festa","festival","Mixtura Urbana","Noia","Vella Escola"],"articleSection":["Uncategorized"],"inLanguage":"gl-ES"},{"@type":"WebPage","@id":"https:\/\/vellaescola.gal\/festa-10-aniversario-vella-escola-28-set\/","url":"https:\/\/vellaescola.gal\/festa-10-aniversario-vella-escola-28-set\/","name":"FESTA 10 ANIVERSARIO VELLA ESCOLA (28 Set)!!! - VELLA ESCOLA Cultura Urbana","isPartOf":{"@id":"https:\/\/vellaescola.gal\/#website"},"primaryImageOfPage":{"@id":"https:\/\/vellaescola.gal\/festa-10-aniversario-vella-escola-28-set\/#primaryimage"},"image":{"@id":"https:\/\/vellaescola.gal\/festa-10-aniversario-vella-escola-28-set\/#primaryimage"},"thumbnailUrl":"https:\/\/vellaescola.gal\/wp-content\/uploads\/2019\/09\/Screenshot_20190917-180302_Gallery.jpg","datePublished":"2019-09-17T16:16:51+00:00","dateModified":"2019-09-19T11:21:24+00:00","author":{"@id":"https:\/\/vellaescola.gal\/#\/schema\/person\/23b463cde07005c21642e587efe1c6f9"},"description":"O s\u00e1bado 28 de Setembro celebramos o 10 ANIVERSARIO DA VELLA ESCOLA en Noia (Paseo Mar\u00edtimo) cunha festa \"Mixtura Urbana\" \u00e1 que non podes faltar!!!","breadcrumb":{"@id":"https:\/\/vellaescola.gal\/festa-10-aniversario-vella-escola-28-set\/#breadcrumb"},"inLanguage":"gl-ES","potentialAction":[{"@type":"ReadAction","target":["https:\/\/vellaescola.gal\/festa-10-aniversario-vella-escola-28-set\/"]}]},{"@type":"ImageObject","inLanguage":"gl-ES","@id":"https:\/\/vellaescola.gal\/festa-10-aniversario-vella-escola-28-set\/#primaryimage","url":"https:\/\/vellaescola.gal\/wp-content\/uploads\/2019\/09\/Screenshot_20190917-180302_Gallery.jpg","contentUrl":"https:\/\/vellaescola.gal\/wp-content\/uploads\/2019\/09\/Screenshot_20190917-180302_Gallery.jpg","width":1380,"height":945},{"@type":"BreadcrumbList","@id":"https:\/\/vellaescola.gal\/festa-10-aniversario-vella-escola-28-set\/#breadcrumb","itemListElement":[{"@type":"ListItem","position":1,"name":"Home","item":"https:\/\/vellaescola.gal\/"},{"@type":"ListItem","position":2,"name":"FESTA 10 ANIVERSARIO VELLA ESCOLA (28 Set)!!!"}]},{"@type":"WebSite","@id":"https:\/\/vellaescola.gal\/#website","url":"https:\/\/vellaescola.gal\/","name":"VELLA ESCOLA Cultura Urbana","description":"L\u00edderes en Cultura Urbana en Galicia dende 2009. Obradoiros de Graffiti, Skate, Parkour e Breakdance para eventos e instituci\u00f3ns. Murais para empresas e particulares en toda Espa\u00f1a.","potentialAction":[{"@type":"SearchAction","target":{"@type":"EntryPoint","urlTemplate":"https:\/\/vellaescola.gal\/?s={search_term_string}"},"query-input":{"@type":"PropertyValueSpecification","valueRequired":true,"valueName":"search_term_string"}}],"inLanguage":"gl-ES"},{"@type":"Person","@id":"https:\/\/vellaescola.gal\/#\/schema\/person\/23b463cde07005c21642e587efe1c6f9","name":"Vella Escola","image":{"@type":"ImageObject","inLanguage":"gl-ES","@id":"https:\/\/secure.gravatar.com\/avatar\/1bbf76864eea0e79eb3518b430cd3a890a26fcd8225db93b187951b4ee7b2bbc?s=96&d=mm&r=g","url":"https:\/\/secure.gravatar.com\/avatar\/1bbf76864eea0e79eb3518b430cd3a890a26fcd8225db93b187951b4ee7b2bbc?s=96&d=mm&r=g","contentUrl":"https:\/\/secure.gravatar.com\/avatar\/1bbf76864eea0e79eb3518b430cd3a890a26fcd8225db93b187951b4ee7b2bbc?s=96&d=mm&r=g","caption":"Vella Escola"},"description":"Vella Escola\u00ae \u00e9 unha asociaci\u00f3n especializada na organizaci\u00f3n e difusi\u00f3n de actividades relacionadas coa Cultura Urbana en Galicia: breakdance, graffiti, skateboard, rap, beatbox, parkour, turntablism (DJ), street basket, bailes urbanos, bmx, slackline, capoeira...","sameAs":["http:\/\/www.vellaescola.com"],"url":"https:\/\/vellaescola.gal\/gl\/author\/vella_escolahotmail-com\/"}]}},"_links":{"self":[{"href":"https:\/\/vellaescola.gal\/gl\/wp-json\/wp\/v2\/posts\/4964","targetHints":{"allow":["GET"]}}],"collection":[{"href":"https:\/\/vellaescola.gal\/gl\/wp-json\/wp\/v2\/posts"}],"about":[{"href":"https:\/\/vellaescola.gal\/gl\/wp-json\/wp\/v2\/types\/post"}],"author":[{"embeddable":true,"href":"https:\/\/vellaescola.gal\/gl\/wp-json\/wp\/v2\/users\/1"}],"replies":[{"embeddable":true,"href":"https:\/\/vellaescola.gal\/gl\/wp-json\/wp\/v2\/comments?post=4964"}],"version-history":[{"count":5,"href":"https:\/\/vellaescola.gal\/gl\/wp-json\/wp\/v2\/posts\/4964\/revisions"}],"predecessor-version":[{"id":4975,"href":"https:\/\/vellaescola.gal\/gl\/wp-json\/wp\/v2\/posts\/4964\/revisions\/4975"}],"wp:featuredmedia":[{"embeddable":true,"href":"https:\/\/vellaescola.gal\/gl\/wp-json\/wp\/v2\/media\/4966"}],"wp:attachment":[{"href":"https:\/\/vellaescola.gal\/gl\/wp-json\/wp\/v2\/media?parent=4964"}],"wp:term":[{"taxonomy":"category","embeddable":true,"href":"https:\/\/vellaescola.gal\/gl\/wp-json\/wp\/v2\/categories?post=4964"},{"taxonomy":"post_tag","embeddable":true,"href":"https:\/\/vellaescola.gal\/gl\/wp-json\/wp\/v2\/tags?post=4964"}],"curies":[{"name":"wp","href":"https:\/\/api.w.org\/{rel}","templated":true}]}}