{"id":16837,"date":"2026-03-14T21:40:16","date_gmt":"2026-03-14T20:40:16","guid":{"rendered":"https:\/\/vellaescola.gal\/?p=16837"},"modified":"2026-03-15T10:15:38","modified_gmt":"2026-03-15T09:15:38","slug":"world-chase-tag-galicia-2026","status":"publish","type":"post","link":"https:\/\/vellaescola.gal\/gl\/world-chase-tag-galicia-2026\/","title":{"rendered":"World Chase Tag 2026 en Galicia: a tempada comeza con Motion Academy e Vella Escola"},"content":{"rendered":"<h1>World Chase Tag 2026 en Galicia: arranca la temporada con Motion Academy y Vella Escola<\/h1>\n<p><strong>World Chase Tag<\/strong> ya no es una rareza que solo se ve en v\u00eddeos virales: <strong>arranca la temporada 2026 en Galicia<\/strong> con calendario real, Quad\u2122 permanente, formaci\u00f3n, stages y una final que conecta directamente con el gran objetivo del a\u00f1o. El dato clave es este: A Coru\u00f1a y <strong>Santiago de Compostela<\/strong> se est\u00e1n convirtiendo en el punto m\u00e1s serio de desarrollo de este <strong>deporte urbano<\/strong> en Espa\u00f1a.<\/p>\n<p>No hablamos de una exhibici\u00f3n suelta. Hablamos de una estructura. <strong>Motion Academy<\/strong> y <strong>Vella Escola<\/strong> est\u00e1n empujando una temporada completa de Chase Tag en Galicia, con base t\u00e9cnica en la nave de A Coru\u00f1a y horizonte competitivo en septiembre, dentro del <strong>Compostela Street Festival<\/strong>, donde se celebrar\u00e1 el <strong>European World Chase Tag Qualifier<\/strong>.<\/p>\n<h2>Qu\u00e9 es World Chase Tag y por qu\u00e9 todo el mundo habla de este formato<\/h2>\n<p><strong>World Chase Tag<\/strong> es, en esencia, un \u00abpilla pilla\u00bb con obst\u00e1culos llevado al alto rendimiento. La f\u00f3rmula es simple y brutal: <strong>20 segundos, un chaser, un evader<\/strong>. Uno persigue, otro escapa. Todo ocurre dentro de un <strong>Quad\u2122<\/strong>, una estructura dise\u00f1ada para que la persecuci\u00f3n no sea lineal, sino t\u00e1ctica, explosiva y muy visual.<\/p>\n<p><img decoding=\"async\" class=\"wp-image-16839 alignnone size-full\" src=\"https:\/\/vellaescola.gal\/wp-content\/uploads\/2026\/03\/640f681521fac87049479d3c_wct6usa_21_group-b_apk-grey-vs-rise_thumbnail416476538256041838\" \/><\/p>\n<p>Ahora bien, entenderlo es f\u00e1cil. Dominarlo, no. Ah\u00ed est\u00e1 la gracia. El deporte mezcla aceleraci\u00f3n, lectura espacial, cambios de direcci\u00f3n, enga\u00f1o corporal y toma de decisiones en d\u00e9cimas de segundo. Por eso conecta tan bien con el parkour, el freerunning y toda la escena del movimiento.<\/p>\n<p>Adem\u00e1s, no llega desde cero. World Chase Tag existe formalmente desde <strong>2011<\/strong>, fue fundado por <strong>Christian y Damien Devaux<\/strong> y hoy se mueve con cifras muy serias: <strong>m\u00e1s de 3.000 millones de visualizaciones acumuladas<\/strong>, <strong>46 Quads licenciados<\/strong>, presencia en <strong>14 pa\u00edses<\/strong>, difusi\u00f3n en <strong>35+ pa\u00edses<\/strong> y una comunidad social que supera los <strong>5 millones de seguidores<\/strong>. Es decir, no estamos ante una moda pasajera, sino ante un formato global que ya encontr\u00f3 su lenguaje.<\/p>\n<h3>World Chase Tag: rules, espacio y l\u00f3gica de juego<\/h3>\n<p>Las <strong>world chase tag<\/strong> convierten un juego universal en una disciplina codificada. El tiempo corto obliga a atacar y defender con cabeza. No gana quien corre m\u00e1s sin pensar, sino quien usa mejor el espacio, corta l\u00edneas, esconde trayectorias y cambia el ritmo en el momento exacto.<\/p>\n<p>Por eso el <strong>Quad\u2122<\/strong> importa tanto. No es un decorado bonito, es infraestructura oficial. En el caso gallego, el formato protagonista es el <strong>Quad\u2122 de 8&#215;8 metros<\/strong>, que ya est\u00e1 montado de forma permanente en la nave de Motion Academy en A Coru\u00f1a. Ese detalle cambia todo, porque permite entrenar de verdad, repetir patrones, corregir t\u00e9cnica y construir comunidad.<\/p>\n<p>Asimismo, el espect\u00e1culo nace de la propia mec\u00e1nica. Cada ronda es corta, intensa y perfecta para directo, highlights, reels o an\u00e1lisis t\u00e9cnico. En la econom\u00eda de la atenci\u00f3n actual, pocos deportes tienen una narrativa tan limpia y tan potente.<\/p>\n<h3>De \u201ctag chase\u201d viral a disciplina con m\u00e9todo<\/h3>\n<p>Mucha gente llega buscando \u201c<strong>chase tag<\/strong>\u201d, \u201c<strong>tag chase<\/strong>\u201d o \u201c<strong>wct chase tag<\/strong>\u201d porque vio un clip imposible en redes, sin embargo, el salto importante ocurre cuando descubres que detr\u00e1s del v\u00eddeo hay entrenamiento, certificaci\u00f3n y operaci\u00f3n profesional.<\/p>\n<p>En Espa\u00f1a, ese paso ya se est\u00e1 dando. Los coaches vinculados a <strong>Motion Academy<\/strong> han completado la <strong>certificaci\u00f3n Level 2 de World Chase Tag<\/strong>, y el desarrollo hacia niveles superiores refuerza algo b\u00e1sico: esto no va solo de montar un show, sino de crear una escena s\u00f3lida.<\/p>\n<p><img fetchpriority=\"high\" decoding=\"async\" class=\"wp-image-16841 alignnone size-full\" src=\"https:\/\/vellaescola.gal\/wp-content\/uploads\/2026\/03\/img_20260314_2126054684038379625158059.jpg\" width=\"1079\" height=\"1439\" srcset=\"https:\/\/vellaescola.gal\/wp-content\/uploads\/2026\/03\/img_20260314_2126054684038379625158059.jpg 1079w, https:\/\/vellaescola.gal\/wp-content\/uploads\/2026\/03\/img_20260314_2126054684038379625158059-225x300.jpg 225w, https:\/\/vellaescola.gal\/wp-content\/uploads\/2026\/03\/img_20260314_2126054684038379625158059-768x1024.jpg 768w, https:\/\/vellaescola.gal\/wp-content\/uploads\/2026\/03\/img_20260314_2126054684038379625158059-9x12.jpg 9w, https:\/\/vellaescola.gal\/wp-content\/uploads\/2026\/03\/img_20260314_2126054684038379625158059-600x800.jpg 600w\" sizes=\"(max-width: 1079px) 100vw, 1079px\" \/><\/p>\n<p>En consecuencia, Galicia parte con ventaja. Tiene infraestructura, tiene socios que entienden la <strong>cultura urbana<\/strong> y tiene un relato potente: del primer contacto del p\u00fablico al arranque de una temporada con continuidad real.<\/p>\n<h2>C\u00f3mo ha llegado World Chase Tag a Espa\u00f1a: de Santiago a Madrid y M\u00e1laga<\/h2>\n<p>La entrada de <strong>World Chase Tag Espa\u00f1a<\/strong> no se entiende sin tres paradas clave. Primero, <strong>Santiago de Compostela<\/strong>. Despu\u00e9s, <strong>La Vaguada<\/strong> en Madrid. Y, adem\u00e1s, <strong>Mijas\/M\u00e1laga<\/strong>, ya dentro del mapa competitivo visible del pa\u00eds. Esa secuencia demuestra que el deporte no aterriza como una an\u00e9cdota, sino como una expansi\u00f3n con nodos distintos.<\/p>\n<p>El gran punto de arranque fue el <strong>Compostela Street Festival<\/strong>, celebrado del <strong>19 al 21 de septiembre<\/strong>. All\u00ed se activ\u00f3 p\u00fablicamente el primer <strong>Quad\u2122 oficial<\/strong> de World Chase Tag en Espa\u00f1a. El encaje fue perfecto: breaking, beatbox, street workout, skate, basket 3&#215;3, freestyle y movimiento por todas partes. Chase Tag no apareci\u00f3 fuera de contexto, cay\u00f3 justo donde ten\u00eda que caer.<\/p>\n<p>De hecho, esa primera activaci\u00f3n fue mucho m\u00e1s que una demo. Sirvi\u00f3 para validar montaje, respuesta del p\u00fablico y capacidad de convertir curiosidad en pr\u00e1ctica. Miles de personas lo vieron, lo probaron o se quedaron enganchadas mirando persecuciones de segundos que parec\u00edan sacadas de un videojuego.<\/p>\n<h3>Santiago de Compostela, primer gran laboratorio espa\u00f1ol<\/h3>\n<p><img decoding=\"async\" class=\"wp-image-16853 alignnone size-full lazyload\" data-src=\"https:\/\/vellaescola.gal\/wp-content\/uploads\/2026\/03\/img_20260314_2102223793064700717139273.jpg\" width=\"1078\" height=\"809\" data-srcset=\"https:\/\/vellaescola.gal\/wp-content\/uploads\/2026\/03\/img_20260314_2102223793064700717139273.jpg 1078w, https:\/\/vellaescola.gal\/wp-content\/uploads\/2026\/03\/img_20260314_2102223793064700717139273-300x225.jpg 300w, https:\/\/vellaescola.gal\/wp-content\/uploads\/2026\/03\/img_20260314_2102223793064700717139273-1024x768.jpg 1024w, https:\/\/vellaescola.gal\/wp-content\/uploads\/2026\/03\/img_20260314_2102223793064700717139273-768x576.jpg 768w, https:\/\/vellaescola.gal\/wp-content\/uploads\/2026\/03\/img_20260314_2102223793064700717139273-16x12.jpg 16w, https:\/\/vellaescola.gal\/wp-content\/uploads\/2026\/03\/img_20260314_2102223793064700717139273-600x450.jpg 600w\" data-sizes=\"(max-width: 1078px) 100vw, 1078px\" src=\"data:image\/svg+xml;base64,PHN2ZyB3aWR0aD0iMSIgaGVpZ2h0PSIxIiB4bWxucz0iaHR0cDovL3d3dy53My5vcmcvMjAwMC9zdmciPjwvc3ZnPg==\" style=\"--smush-placeholder-width: 1078px; --smush-placeholder-aspect-ratio: 1078\/809;\" \/><\/p>\n<p><strong>Santiago de Compostela<\/strong> fue la primera gran prueba de fuego. Y sali\u00f3 bien. Eso tiene un valor enorme, porque rompe la idea de que todo deporte emergente tiene que empezar en Madrid o Barcelona para ser relevante.<\/p>\n<p>Galicia gan\u00f3 algo m\u00e1s que visibilidad. Gan\u00f3 posici\u00f3n. Desde ese momento, el relato cambi\u00f3: no era \u201cWorld Chase Tag llega a Espa\u00f1a\u201d en abstracto, sino \u201cGalicia abre la puerta\u201d. Esa diferencia pesa mucho cuando toca construir temporada, atraer talento y consolidar un calendario.<\/p>\n<p>Por otro lado, el festival aport\u00f3 algo que no se compra f\u00e1cil: contexto. WCT se mostr\u00f3 dentro de una escena de <strong>cultura urbana<\/strong> viva, con p\u00fablico predispuesto a valorar t\u00e9cnica, flow corporal y espect\u00e1culo. Ah\u00ed el deporte se entiende al instante.<\/p>\n<h3>La Vaguada y M\u00e1laga: se\u00f1ales de expansi\u00f3n real<\/h3>\n<p><img decoding=\"async\" class=\"wp-image-16843 alignnone size-full\" src=\"https:\/\/vellaescola.gal\/wp-content\/uploads\/2026\/03\/68f3d09b4faeef8ae637ed68_tilted-cube-benny-hill608388401527555153\" \/><\/p>\n<p>Madrid, con la parada en <strong>Centro Comercial La Vaguada<\/strong>, ayud\u00f3 a llevar el formato a un entorno de gran exposici\u00f3n y tr\u00e1nsito. Ese tipo de activaciones son clave para un deporte que necesita ser visto para ser comprendido. Cuanto m\u00e1s p\u00fablico lo prueba o lo presencia, m\u00e1s r\u00e1pido crece la base.<\/p>\n<p>Mientras tanto, <strong>Mijas\/M\u00e1laga<\/strong> aparece ya como referencia competitiva dentro de la expansi\u00f3n europea mencionada por la propia marca. Eso es importante porque sit\u00faa a Espa\u00f1a dentro de una red m\u00e1s amplia, junto a ciudades como Rotterdam o con la mirada puesta en Par\u00eds 2026.<\/p>\n<p><img decoding=\"async\" class=\"wp-image-16844 alignnone size-full\" src=\"https:\/\/vellaescola.gal\/wp-content\/uploads\/2026\/03\/whatsapp-image-2025-11-22-at-12764428537773588460\" \/><\/p>\n<p>En definitiva, el mapa ya est\u00e1 dibujado. Santiago abri\u00f3. Madrid amplific\u00f3. M\u00e1laga confirm\u00f3 que Espa\u00f1a ya est\u00e1 dentro de la conversaci\u00f3n. Y ahora Galicia quiere hacer lo m\u00e1s dif\u00edcil: convertir ese impulso en una temporada estable.<\/p>\n<h2>La temporada 2026 en Galicia ya tiene base: Quad\u2122 permanente en A Coru\u00f1a<\/h2>\n<p>Aqu\u00ed est\u00e1 la noticia fuerte. El <strong>Quad\u2122 de 8&#215;8 metros<\/strong> est\u00e1 <strong>montado permanentemente en la nave de Motion Academy en A Coru\u00f1a<\/strong>, en <strong>R\u00faa Isaac Peral, 42, 15008 A Coru\u00f1a<\/strong>. Eso significa entreno continuo, workshops regulares y una liga con varias competiciones durante la temporada.<\/p>\n<p>No es un detalle menor. Muchos proyectos de deportes emergentes se quedan en el clip y desaparecen. Sin embargo, cuando existe una instalaci\u00f3n fija, el escenario cambia por completo: puedes repetir sesiones, medir progresi\u00f3n, crear equipos, pulir roles de chaser y evader, y preparar atletas para competir de verdad.<\/p>\n<p>Adem\u00e1s, la base f\u00edsica permite algo que el contenido viral nunca consigue por s\u00ed solo: comunidad. La gente deja de ser espectadora y pasa a ser practicante. Ah\u00ed empieza una escena.<\/p>\n<h3>Workshops: base, t\u00e9cnica y primeras lecturas del Quad\u2122<\/h3>\n<p>Los <strong>workshops<\/strong> son la puerta de entrada. Sirven para aprender desplazamientos, timing, gesti\u00f3n del espacio y lectura del <strong>Quad\u2122<\/strong> sin la presi\u00f3n total de la competici\u00f3n. Tambi\u00e9n son el lugar ideal para entender que Chase Tag no es correr sin m\u00e1s, sino usar el cuerpo con inteligencia.<\/p>\n<p>En A Coru\u00f1a, ese trabajo t\u00e9cnico se vuelve especialmente valioso porque se hace sobre infraestructura real. No sobre una adaptaci\u00f3n improvisada. Eso mejora la calidad del aprendizaje y acerca la experiencia local al est\u00e1ndar internacional.<\/p>\n<p><img decoding=\"async\" class=\"wp-image-16847 alignnone size-full lazyload\" data-src=\"https:\/\/vellaescola.gal\/wp-content\/uploads\/2026\/03\/img_20260314_210255973164527407857384.jpg\" width=\"1075\" height=\"806\" data-srcset=\"https:\/\/vellaescola.gal\/wp-content\/uploads\/2026\/03\/img_20260314_210255973164527407857384.jpg 1075w, https:\/\/vellaescola.gal\/wp-content\/uploads\/2026\/03\/img_20260314_210255973164527407857384-300x225.jpg 300w, https:\/\/vellaescola.gal\/wp-content\/uploads\/2026\/03\/img_20260314_210255973164527407857384-1024x768.jpg 1024w, https:\/\/vellaescola.gal\/wp-content\/uploads\/2026\/03\/img_20260314_210255973164527407857384-768x576.jpg 768w, https:\/\/vellaescola.gal\/wp-content\/uploads\/2026\/03\/img_20260314_210255973164527407857384-16x12.jpg 16w, https:\/\/vellaescola.gal\/wp-content\/uploads\/2026\/03\/img_20260314_210255973164527407857384-600x450.jpg 600w\" data-sizes=\"(max-width: 1075px) 100vw, 1075px\" src=\"data:image\/svg+xml;base64,PHN2ZyB3aWR0aD0iMSIgaGVpZ2h0PSIxIiB4bWxucz0iaHR0cDovL3d3dy53My5vcmcvMjAwMC9zdmciPjwvc3ZnPg==\" style=\"--smush-placeholder-width: 1075px; --smush-placeholder-aspect-ratio: 1075\/806;\" \/><\/p>\n<p>Asimismo, los workshops ayudan a mezclar perfiles. Llega gente del parkour, del entrenamiento funcional, del deporte base y de la escena del movimiento. Esa mezcla es oro, porque World Chase Tag crece mejor cuando conecta tribus diferentes bajo una misma l\u00f3gica de juego.<\/p>\n<h3>Stages y final: ritmo competitivo de verdad<\/h3>\n<p>Despu\u00e9s llegan los <strong>stages<\/strong>. Ah\u00ed cambia el pulso. El objetivo ya no es solo aprender, sino competir con m\u00e1s estructura, probar estrategias, construir equipos y empezar a entender el ritmo real de una jornada de Chase Tag.<\/p>\n<p><img decoding=\"async\" class=\"wp-image-16846 alignnone size-full lazyload\" data-src=\"https:\/\/vellaescola.gal\/wp-content\/uploads\/2026\/03\/img_20260314_2101487418843461830587864.jpg\" width=\"1038\" height=\"1384\" data-srcset=\"https:\/\/vellaescola.gal\/wp-content\/uploads\/2026\/03\/img_20260314_2101487418843461830587864.jpg 1038w, https:\/\/vellaescola.gal\/wp-content\/uploads\/2026\/03\/img_20260314_2101487418843461830587864-225x300.jpg 225w, https:\/\/vellaescola.gal\/wp-content\/uploads\/2026\/03\/img_20260314_2101487418843461830587864-768x1024.jpg 768w, https:\/\/vellaescola.gal\/wp-content\/uploads\/2026\/03\/img_20260314_2101487418843461830587864-9x12.jpg 9w, https:\/\/vellaescola.gal\/wp-content\/uploads\/2026\/03\/img_20260314_2101487418843461830587864-600x800.jpg 600w\" data-sizes=\"(max-width: 1038px) 100vw, 1038px\" src=\"data:image\/svg+xml;base64,PHN2ZyB3aWR0aD0iMSIgaGVpZ2h0PSIxIiB4bWxucz0iaHR0cDovL3d3dy53My5vcmcvMjAwMC9zdmciPjwvc3ZnPg==\" style=\"--smush-placeholder-width: 1038px; --smush-placeholder-aspect-ratio: 1038\/1384;\" \/><\/p>\n<p>Ese paso es clave para que la temporada 2026 no se quede en iniciaci\u00f3n. Un stage bien planteado ense\u00f1a a gestionar presi\u00f3n, a leer rivales y a tomar decisiones r\u00e1pidas cuando el margen de error es m\u00ednimo. Adem\u00e1s, crea narrativa. Ya no hay solo pr\u00e1ctica: hay progresi\u00f3n, rivalidades sanas y hambre de mejora.<\/p>\n<p>El cierre ser\u00e1 la <strong>Final de Temporada del 20 de junio<\/strong>, que definir\u00e1 qui\u00e9n competir\u00e1 como invitado en el gran plato fuerte del a\u00f1o. Y ah\u00ed es donde Galicia conecta con algo mucho m\u00e1s grande.<\/p>\n<h2>Calendario de World Chase Tag 2026 en A Coru\u00f1a<\/h2>\n<p>La temporada ya tiene fechas. Y eso, en un deporte nuevo, es media victoria. El calendario combina formaci\u00f3n, pr\u00e1ctica y competici\u00f3n para que la comunidad no se disperse y el nivel suba de forma natural.<\/p>\n<p>El arranque llega con el <strong>28 de febrero<\/strong>, con dos turnos de workshop, de <strong>10:00 a 11:30<\/strong> y de <strong>11:30 a 13:00<\/strong>. En marzo siguen los workshops del <strong>7<\/strong> y <strong>14<\/strong>, mientras que el <strong>21 de marzo<\/strong> llega el primer <strong>Stage<\/strong>. Abril mantiene el ritmo con sesiones el <strong>11<\/strong> y el <strong>25<\/strong>.<\/p>\n<p>Mayo aprieta. El <strong>16 de mayo<\/strong> habr\u00e1 otro <strong>Stage<\/strong>, y despu\u00e9s llegar\u00e1n workshops el <strong>23<\/strong> y el <strong>30<\/strong>. Ya en junio, el <strong>6 de junio<\/strong> se celebrar\u00e1 un nuevo workshop y el <strong>20 de junio<\/strong> tendr\u00e1 lugar la <strong>Final de Temporada<\/strong>.<\/p>\n<h3>Qu\u00e9 significa este calendario para el desarrollo local<\/h3>\n<p>Un calendario as\u00ed no solo ordena fechas. Ordena crecimiento. Primero se construye base, luego se acelera con situaciones de competici\u00f3n y, finalmente, se selecciona a quienes llegan m\u00e1s preparados al siguiente nivel.<\/p>\n<p>Adem\u00e1s, este formato evita uno de los grandes errores de los deportes emergentes: querer competir demasiado pronto sin haber creado t\u00e9cnica ni comunidad. Aqu\u00ed el proceso est\u00e1 bien planteado. Se aprende, se prueba, se ajusta y despu\u00e9s se compite.<\/p>\n<p>Por otro lado, la regularidad ayuda a fijar h\u00e1bitos. La gente sabe que hay continuidad. Sabe que no es una activaci\u00f3n aislada. Y eso fortalece la escena local de <strong>deporte urbano<\/strong> en Galicia.<\/p>\n<h2>D\u00f3nde se realizan los entrenamientos y c\u00f3mo funciona la inscripci\u00f3n<\/h2>\n<p>Los workshops se celebran en la <strong>nave de Motion Academy de A Coru\u00f1a<\/strong>, en <strong>R\u00faa Isaac Peral, 42, 15008 A Coru\u00f1a<\/strong>. La ubicaci\u00f3n est\u00e1 pensada para trabajar con comodidad, repetir din\u00e1micas y mantener el <strong>Quad\u2122<\/strong> como eje permanente del proyecto.<\/p>\n<p><img decoding=\"async\" class=\"wp-image-16848 alignnone size-full lazyload\" data-src=\"https:\/\/vellaescola.gal\/wp-content\/uploads\/2026\/03\/img-20260311-wa00973481772790216527410.jpg\" width=\"1280\" height=\"960\" data-srcset=\"https:\/\/vellaescola.gal\/wp-content\/uploads\/2026\/03\/img-20260311-wa00973481772790216527410.jpg 1280w, https:\/\/vellaescola.gal\/wp-content\/uploads\/2026\/03\/img-20260311-wa00973481772790216527410-300x225.jpg 300w, https:\/\/vellaescola.gal\/wp-content\/uploads\/2026\/03\/img-20260311-wa00973481772790216527410-1024x768.jpg 1024w, https:\/\/vellaescola.gal\/wp-content\/uploads\/2026\/03\/img-20260311-wa00973481772790216527410-768x576.jpg 768w, https:\/\/vellaescola.gal\/wp-content\/uploads\/2026\/03\/img-20260311-wa00973481772790216527410-16x12.jpg 16w, https:\/\/vellaescola.gal\/wp-content\/uploads\/2026\/03\/img-20260311-wa00973481772790216527410-600x450.jpg 600w\" data-sizes=\"(max-width: 1280px) 100vw, 1280px\" src=\"data:image\/svg+xml;base64,PHN2ZyB3aWR0aD0iMSIgaGVpZ2h0PSIxIiB4bWxucz0iaHR0cDovL3d3dy53My5vcmcvMjAwMC9zdmciPjwvc3ZnPg==\" style=\"--smush-placeholder-width: 1280px; --smush-placeholder-aspect-ratio: 1280\/960;\" \/><\/p>\n<p>Las inscripciones para workshops y competiciones est\u00e1n habilitadas en este formulario oficial: <a href=\"https:\/\/link.kliking.io\/widget\/form\/xPJEB9Eym9EJK0scAn0b\" target=\"_blank\" rel=\"nofollow noopener\">https:\/\/link.kliking.io\/widget\/form\/xPJEB9Eym9EJK0scAn0b<\/a>.<\/p>\n<p>Adem\u00e1s, la ubicaci\u00f3n del espacio puede consultarse aqu\u00ed: <a href=\"https:\/\/maps.app.goo.gl\/TGJpL3zLF8i3fxCL7\" target=\"_blank\" rel=\"nofollow noopener\">https:\/\/maps.app.goo.gl\/TGJpL3zLF8i3fxCL7<\/a>. Tener acceso claro a inscripci\u00f3n y localizaci\u00f3n tambi\u00e9n suma profesionalidad, algo b\u00e1sico cuando quieres consolidar una temporada y no solo generar ruido.<\/p>\n<h2>Motion Academy y Vella Escola: por qu\u00e9 esta alianza tiene sentido<\/h2>\n<p>Aqu\u00ed est\u00e1 una de las claves del proyecto. <strong>Motion Academy<\/strong> aporta el m\u00fasculo t\u00e9cnico. <strong>Vella Escola<\/strong> aporta el anclaje territorial, la lectura de escena y la conexi\u00f3n con la <strong>cultura urbana<\/strong> gallega. Juntas, ambas piezas encajan de forma natural.<\/p>\n<p><img decoding=\"async\" class=\"wp-image-16849 alignnone size-full lazyload\" data-src=\"https:\/\/vellaescola.gal\/wp-content\/uploads\/2026\/03\/img_20260314_2100567848107853683952802.jpg\" width=\"1078\" height=\"808\" data-srcset=\"https:\/\/vellaescola.gal\/wp-content\/uploads\/2026\/03\/img_20260314_2100567848107853683952802.jpg 1078w, https:\/\/vellaescola.gal\/wp-content\/uploads\/2026\/03\/img_20260314_2100567848107853683952802-300x225.jpg 300w, https:\/\/vellaescola.gal\/wp-content\/uploads\/2026\/03\/img_20260314_2100567848107853683952802-1024x768.jpg 1024w, https:\/\/vellaescola.gal\/wp-content\/uploads\/2026\/03\/img_20260314_2100567848107853683952802-768x576.jpg 768w, https:\/\/vellaescola.gal\/wp-content\/uploads\/2026\/03\/img_20260314_2100567848107853683952802-16x12.jpg 16w, https:\/\/vellaescola.gal\/wp-content\/uploads\/2026\/03\/img_20260314_2100567848107853683952802-600x450.jpg 600w\" data-sizes=\"(max-width: 1078px) 100vw, 1078px\" src=\"data:image\/svg+xml;base64,PHN2ZyB3aWR0aD0iMSIgaGVpZ2h0PSIxIiB4bWxucz0iaHR0cDovL3d3dy53My5vcmcvMjAwMC9zdmciPjwvc3ZnPg==\" style=\"--smush-placeholder-width: 1078px; --smush-placeholder-aspect-ratio: 1078\/808;\" \/><\/p>\n<p>Motion Academy ha sido reconocida externamente como una de las organizaciones de parkour m\u00e1s potentes del pa\u00eds. Eso importa porque World Chase Tag bebe directamente de esa cultura del movimiento: impulsos cortos, lectura de obst\u00e1culos, cambios de plano, control corporal y toma de decisiones bajo presi\u00f3n.<\/p>\n<p>Vella Escola, por su parte, entiende el lenguaje del territorio. Sabe c\u00f3mo activar comunidad, c\u00f3mo insertar una disciplina nueva dentro de festivales y c\u00f3mo traducir un formato global al pulso local. Esa combinaci\u00f3n evita un problema cl\u00e1sico: traer algo de fuera sin ra\u00edces. Aqu\u00ed hay ra\u00edces.<\/p>\n<h3>Motion Academy: t\u00e9cnica, entrenamiento y metodolog\u00eda<\/h3>\n<p>La fortaleza de <strong>Motion Academy<\/strong> est\u00e1 en la continuidad. No solo puede mostrar el deporte. Puede ense\u00f1arlo. Puede corregirlo. Puede convertir la curiosidad inicial en pr\u00e1ctica recurrente.<\/p>\n<p>Eso se nota especialmente en un formato como Chase Tag, donde la diferencia entre improvisar y entrenar bien es enorme. Un buen coach no solo te dice por d\u00f3nde correr. Te ense\u00f1a a esconder intenciones, a usar el obst\u00e1culo como pantalla y a cortar trayectorias con cabeza.<\/p>\n<p>Adem\u00e1s, la certificaci\u00f3n oficial dentro del ecosistema WCT refuerza la seriedad del proyecto. En un deporte tan r\u00e1pido, el est\u00e1ndar t\u00e9cnico importa mucho. Sin m\u00e9todo, el nivel se estanca. Con m\u00e9todo, aparece la cantera.<\/p>\n<h3>Vella Escola: territorio, producci\u00f3n y escena<\/h3>\n<p><strong>Vella Escola<\/strong> juega un papel decisivo porque entiende c\u00f3mo respira la calle. No desde fuera. Desde dentro. Y eso, cuando hablas de un <strong>deporte urbano<\/strong>, marca la diferencia entre un evento correcto y un evento que deja huella.<\/p>\n<p>Su capacidad para conectar disciplinas, p\u00fablicos y formatos hace que World Chase Tag no se presente como una pieza aislada, sino como parte de una escena m\u00e1s amplia. Breaking, beatbox, skate, street workout, arte urbano, freestyle, movimiento. Todo eso comparte c\u00f3digo.<\/p>\n<p>En consecuencia, la alianza no es casual. Es estrat\u00e9gica. Uno sostiene la parte deportiva y pedag\u00f3gica. El otro activa el ecosistema local y la narrativa cultural. As\u00ed se construyen proyectos que duran.<\/p>\n<p>Para aquellos que quieran organizar un campeonato o proyecto relacionado con World Chase Tag, en nuestra web de Vella Escola disponemos un apartado con toda la informaci\u00f3n para la puesta a punto de nuevos eventos de este deporte urbano de alto impacto. Visita <a href=\"https:\/\/vellaescola.gal\/world-chase-tag\">https:\/\/vellaescola.gal\/world-chase-tag<\/a><\/p>\n<h2>Del Quad\u2122 gallego al Mundial de Francia: el horizonte 2026<\/h2>\n<p><img decoding=\"async\" class=\"wp-image-16850 alignnone size-full\" src=\"https:\/\/vellaescola.gal\/wp-content\/uploads\/2026\/03\/images-317163940895486896621\" \/><\/p>\n<p>La temporada local no vive encerrada en s\u00ed misma. Tiene un espejo internacional muy claro: el <a href=\"https:\/\/www.worldchasetag.com\/events\/wct7-worlds\"><strong>WCT7 World Championships<\/strong><\/a>, programado para el <strong>6 y 7 de junio de 2026<\/strong> en <strong>Les Ar\u00e8nes, Evry-Courcouronnes, Francia<\/strong>. Ese campeonato mundial es la referencia competitiva del a\u00f1o.<\/p>\n<p>Que representantes de <strong>Vella Escola<\/strong> acudan a ver el Mundial tiene mucho sentido. No es turismo. Es aprendizaje. Ver de cerca c\u00f3mo se operan formatos de alto nivel, c\u00f3mo se organiza el ritmo de competici\u00f3n y c\u00f3mo se construye espect\u00e1culo alrededor del Quad\u2122 puede acelerar much\u00edsimo el desarrollo espa\u00f1ol.<\/p>\n<p>Adem\u00e1s, el contexto global acompa\u00f1a. World Chase Tag llega a 2026 con rosters, divisiones, calendario y expansi\u00f3n europea en marcha. Es decir, Galicia no est\u00e1 inventando algo desde cero, sino conect\u00e1ndose a una estructura internacional ya madura.<\/p>\n<h3>Qu\u00e9 puede aprender Galicia del circuito internacional<\/h3>\n<p>Much\u00edsimo. Desde la gesti\u00f3n de tiempos hasta la producci\u00f3n audiovisual, pasando por arbitraje, formato de eliminatorias, construcci\u00f3n de equipos y experiencia de p\u00fablico. Cada detalle cuenta cuando quieres pasar de escena emergente a referencia nacional.<\/p>\n<p>Tambi\u00e9n hay una lecci\u00f3n de fondo. Los pa\u00edses que crecen r\u00e1pido en WCT no se quedan solo con el highlight. Construyen infraestructura, forman coaches, crean comunidad y generan eventos con continuidad. Justo ah\u00ed es donde Galicia est\u00e1 poniendo el foco.<\/p>\n<p>Por eso el viaje al Mundial importa. Porque permite traer conocimiento aplicado. Y, adem\u00e1s, ayuda a imaginar formatos competitivos de m\u00e1s nivel para el contexto espa\u00f1ol.<\/p>\n<h2>Compostela Street Festival 2026: mucho m\u00e1s que un festival<\/h2>\n<p><img decoding=\"async\" class=\"wp-image-16851 alignnone size-full lazyload\" data-src=\"https:\/\/vellaescola.gal\/wp-content\/uploads\/2026\/03\/img_20260314_2139147434376302878926522.jpg\" width=\"1736\" height=\"976\" data-srcset=\"https:\/\/vellaescola.gal\/wp-content\/uploads\/2026\/03\/img_20260314_2139147434376302878926522.jpg 1736w, https:\/\/vellaescola.gal\/wp-content\/uploads\/2026\/03\/img_20260314_2139147434376302878926522-300x169.jpg 300w, https:\/\/vellaescola.gal\/wp-content\/uploads\/2026\/03\/img_20260314_2139147434376302878926522-1024x576.jpg 1024w, https:\/\/vellaescola.gal\/wp-content\/uploads\/2026\/03\/img_20260314_2139147434376302878926522-768x432.jpg 768w, https:\/\/vellaescola.gal\/wp-content\/uploads\/2026\/03\/img_20260314_2139147434376302878926522-1536x864.jpg 1536w, https:\/\/vellaescola.gal\/wp-content\/uploads\/2026\/03\/img_20260314_2139147434376302878926522-18x10.jpg 18w, https:\/\/vellaescola.gal\/wp-content\/uploads\/2026\/03\/img_20260314_2139147434376302878926522-600x337.jpg 600w\" data-sizes=\"(max-width: 1736px) 100vw, 1736px\" src=\"data:image\/svg+xml;base64,PHN2ZyB3aWR0aD0iMSIgaGVpZ2h0PSIxIiB4bWxucz0iaHR0cDovL3d3dy53My5vcmcvMjAwMC9zdmciPjwvc3ZnPg==\" style=\"--smush-placeholder-width: 1736px; --smush-placeholder-aspect-ratio: 1736\/976;\" \/><\/p>\n<p>El cierre grande del a\u00f1o llegar\u00e1 el <strong>s\u00e1bado 19 de septiembre<\/strong> con el <strong>European World Chase Tag Qualifier<\/strong> dentro del <strong>Compostela Street Festival 2026<\/strong>. Esto ya no es solo exhibici\u00f3n. Es un <strong>clasificatorio para competir representando a Espa\u00f1a en el Campeonato Europeo de World Chase Tag<\/strong>.<\/p>\n<p>Ese detalle cambia la escala del evento. El festival deja de ser solo un escaparate de <strong>cultura urbana<\/strong> y se convierte en una plataforma competitiva con impacto real. Galicia no solo muestra. Galicia selecciona, proyecta y conecta con Europa.<\/p>\n<p>Adem\u00e1s, el propio festival ya demostr\u00f3 que es el entorno ideal para este deporte. Tiene tr\u00e1fico, tiene energ\u00eda, tiene mezcla de disciplinas y tiene un p\u00fablico que entiende r\u00e1pido el valor del movimiento. Chase Tag ah\u00ed no desentona. Brilla.<\/p>\n<h3>Por qu\u00e9 el Compostela Street Festival es tan importante para WCT Espa\u00f1a<\/h3>\n<p>Porque fue el primer gran laboratorio y ahora puede ser el gran acelerador. Pocas veces un evento re\u00fane al mismo tiempo visibilidad, comunidad, identidad local y capacidad de proyecci\u00f3n internacional.<\/p>\n<p>Asimismo, el festival permite algo muy potente: contar una historia completa. Desde los primeros workshops en A Coru\u00f1a hasta la final de junio, y desde ah\u00ed al qualifier de septiembre en <strong>Santiago de Compostela<\/strong>. Eso s\u00ed es una temporada. Eso s\u00ed genera relato.<\/p>\n<p>En definitiva, el Compostela Street Festival puede convertirse en el gran punto de encuentro del <strong>world chase tag espa\u00f1ol<\/strong>, no solo por lo que ense\u00f1a, sino por lo que activa despu\u00e9s.<\/p>\n<h2>Preguntas frecuentes sobre World Chase Tag en Galicia<\/h2>\n<h3>\u00bfD\u00f3nde se entrena World Chase Tag en Galicia en 2026?<\/h3>\n<p>La base principal est\u00e1 en la <strong>nave de Motion Academy en A Coru\u00f1a<\/strong>, donde ya est\u00e1 montado de forma permanente el <strong>Quad\u2122 de 8&#215;8 metros<\/strong>. All\u00ed se realizan workshops, stages y competiciones de la temporada.<\/p>\n<h3>\u00bfQui\u00e9n organiza la temporada de Chase Tag en A Coru\u00f1a?<\/h3>\n<p>La temporada est\u00e1 impulsada por <strong>Motion Academy<\/strong> y <strong>Vella Escola<\/strong>. Motion Academy sostiene la parte t\u00e9cnica y formativa, mientras Vella Escola refuerza la producci\u00f3n, el arraigo local y la conexi\u00f3n con la <strong>cultura urbana<\/strong> gallega.<\/p>\n<h3>\u00bfQu\u00e9 relaci\u00f3n tiene el Compostela Street Festival con World Chase Tag?<\/h3>\n<p>Tiene una relaci\u00f3n central. Fue el primer gran escaparate del deporte en Espa\u00f1a y en <strong>septiembre de 2026<\/strong> acoger\u00e1 el <strong>European World Chase Tag Qualifier<\/strong>, clasificatorio para competir representando a Espa\u00f1a en el Europeo.<\/p>\n<p><script type=\"application\/ld+json\">{\"@context\":\"https:\/\/schema.org\",\"@type\":\"FAQPage\",\"mainEntity\":[{\"@type\":\"Question\",\"name\":\"\u00bfD\u00f3nde se entrena World Chase Tag en Galicia en 2026?\",\"acceptedAnswer\":{\"@type\":\"Answer\",\"text\":\"La base principal est\u00e1 en la nave de Motion Academy en A Coru\u00f1a, donde ya est\u00e1 montado de forma permanente el Quad\u2122 de 8x8 metros. All\u00ed se realizan workshops, stages y competiciones de la temporada.\"}},{\"@type\":\"Question\",\"name\":\"\u00bfQui\u00e9n organiza la temporada de Chase Tag en A Coru\u00f1a?\",\"acceptedAnswer\":{\"@type\":\"Answer\",\"text\":\"La temporada est\u00e1 impulsada por Motion Academy y Vella Escola. Motion Academy sostiene la parte t\u00e9cnica y formativa, mientras Vella Escola refuerza la producci\u00f3n, el arraigo local y la conexi\u00f3n con la cultura urbana gallega.\"}},{\"@type\":\"Question\",\"name\":\"\u00bfQu\u00e9 relaci\u00f3n tiene el Compostela Street Festival con World Chase Tag?\",\"acceptedAnswer\":{\"@type\":\"Answer\",\"text\":\"Fue el primer gran escaparate del deporte en Espa\u00f1a y en septiembre de 2026 acoger\u00e1 el European World Chase Tag Qualifier, clasificatorio para competir representando a Espa\u00f1a en el Campeonato Europeo.\"}}]} <\/script><\/p>\n<h2>Galicia ya no mira el World Chase Tag desde fuera<\/h2>\n<p>Esto va en serio. <strong>World Chase Tag<\/strong> arranca la temporada 2026 en Galicia con infraestructura oficial, calendario, formaci\u00f3n, stages, final y un qualifier europeo en el horizonte. Muy pocos territorios pueden decir eso en una disciplina tan nueva dentro de Espa\u00f1a.<\/p>\n<p>Adem\u00e1s, el proyecto tiene sentido porque une piezas que se necesitaban mutuamente: <strong>Motion Academy<\/strong> como motor t\u00e9cnico y <strong>Vella Escola<\/strong> como conexi\u00f3n real con la escena y la <strong>cultura urbana<\/strong>. Desde A Coru\u00f1a hasta <strong>Santiago de Compostela<\/strong>, Galicia est\u00e1 construyendo algo m\u00e1s grande que un evento. Est\u00e1 construyendo una puerta de entrada.<\/p>\n<p>Y esa puerta ya est\u00e1 abierta&#8230;<\/p>\n\n\n<p><\/p>\n","protected":false},"excerpt":{"rendered":"<p>A World Chase Tag chega a Galicia en 2026! Descubre o calendario na Motion Academy e na Vella Escola da Coru\u00f1a e a clasificaci\u00f3n europea en Santiago de Compostela. Adestra no \u00fanico Quad\u2122 permanente e \u00fanete \u00e1 elite dos deportes urbanos.<\/p>","protected":false},"author":1,"featured_media":16836,"comment_status":"closed","ping_status":"closed","sticky":false,"template":"","format":"standard","meta":{"footnotes":""},"categories":[1579],"tags":[1596,1598,1599,1601,1597,1600,1595],"class_list":["post-16837","post","type-post","status-publish","format-standard","has-post-thumbnail","hentry","category-deportes-urbanos-y-parks","tag-chase-tag","tag-chase-tag-espana","tag-competiciones-de-chase-tag","tag-liga-de-wct","tag-pilla-pilla","tag-quad-en-a-coruna","tag-world-chase-tag"],"yoast_head":"<!-- This site is optimized with the Yoast SEO plugin v27.2 - https:\/\/yoast.com\/product\/yoast-seo-wordpress\/ -->\n<title>World Chase Tag en Galicia: Temporada 2026<\/title>\n<meta name=\"description\" content=\"El World Chase Tag llega a Galicia en 2026! Descubre el calendario entrena en el \u00fanico Quad\u2122 permanente y \u00fanete a la familia del WCT.\" \/>\n<meta name=\"robots\" content=\"index, follow, max-snippet:-1, max-image-preview:large, max-video-preview:-1\" \/>\n<link rel=\"canonical\" href=\"https:\/\/vellaescola.gal\/gl\/world-chase-tag-galicia-2026\/\" \/>\n<meta property=\"og:locale\" content=\"gl_ES\" \/>\n<meta property=\"og:type\" content=\"article\" \/>\n<meta property=\"og:title\" content=\"World Chase Tag en Galicia: Temporada 2026\" \/>\n<meta property=\"og:description\" content=\"El World Chase Tag llega a Galicia en 2026! Descubre el calendario entrena en el \u00fanico Quad\u2122 permanente y \u00fanete a la familia del WCT.\" \/>\n<meta property=\"og:url\" content=\"https:\/\/vellaescola.gal\/gl\/world-chase-tag-galicia-2026\/\" \/>\n<meta property=\"og:site_name\" content=\"VELLA ESCOLA Cultura Urbana\" \/>\n<meta property=\"article:published_time\" content=\"2026-03-14T20:40:16+00:00\" \/>\n<meta property=\"article:modified_time\" content=\"2026-03-15T09:15:38+00:00\" \/>\n<meta property=\"og:image\" content=\"https:\/\/vellaescola.gal\/wp-content\/uploads\/2026\/03\/World_Chase_Tag_Galicia_2026.jpg\" \/>\n\t<meta property=\"og:image:width\" content=\"1079\" \/>\n\t<meta property=\"og:image:height\" content=\"809\" \/>\n\t<meta property=\"og:image:type\" content=\"image\/jpeg\" \/>\n<meta name=\"author\" content=\"Vella Escola\" \/>\n<meta name=\"twitter:label1\" content=\"Escrito por\" \/>\n\t<meta name=\"twitter:data1\" content=\"Vella Escola\" \/>\n\t<meta name=\"twitter:label2\" content=\"Tempo de lectura\" \/>\n\t<meta name=\"twitter:data2\" content=\"16 minutos\" \/>\n<script type=\"application\/ld+json\" class=\"yoast-schema-graph\">{\"@context\":\"https:\/\/schema.org\",\"@graph\":[{\"@type\":\"Article\",\"@id\":\"https:\/\/vellaescola.gal\/world-chase-tag-galicia-2026\/#article\",\"isPartOf\":{\"@id\":\"https:\/\/vellaescola.gal\/world-chase-tag-galicia-2026\/\"},\"author\":{\"name\":\"Vella Escola\",\"@id\":\"https:\/\/vellaescola.gal\/#\/schema\/person\/23b463cde07005c21642e587efe1c6f9\"},\"headline\":\"World Chase Tag 2026 en Galicia: arranca la temporada con Motion Academy y Vella Escola\",\"datePublished\":\"2026-03-14T20:40:16+00:00\",\"dateModified\":\"2026-03-15T09:15:38+00:00\",\"mainEntityOfPage\":{\"@id\":\"https:\/\/vellaescola.gal\/world-chase-tag-galicia-2026\/\"},\"wordCount\":3192,\"image\":{\"@id\":\"https:\/\/vellaescola.gal\/world-chase-tag-galicia-2026\/#primaryimage\"},\"thumbnailUrl\":\"https:\/\/vellaescola.gal\/wp-content\/uploads\/2026\/03\/World_Chase_Tag_Galicia_2026.jpg\",\"keywords\":[\"Chase tag\",\"Chase tag Espa\u00f1a\",\"competiciones de Chase tag\",\"Liga de WCT\",\"pilla pilla\",\"Quad en A Coru\u00f1a\",\"world Chase tag\"],\"articleSection\":[\"Deportes Urbanos y Parks\"],\"inLanguage\":\"gl-ES\"},{\"@type\":\"WebPage\",\"@id\":\"https:\/\/vellaescola.gal\/world-chase-tag-galicia-2026\/\",\"url\":\"https:\/\/vellaescola.gal\/world-chase-tag-galicia-2026\/\",\"name\":\"World Chase Tag en Galicia: Temporada 2026\",\"isPartOf\":{\"@id\":\"https:\/\/vellaescola.gal\/#website\"},\"primaryImageOfPage\":{\"@id\":\"https:\/\/vellaescola.gal\/world-chase-tag-galicia-2026\/#primaryimage\"},\"image\":{\"@id\":\"https:\/\/vellaescola.gal\/world-chase-tag-galicia-2026\/#primaryimage\"},\"thumbnailUrl\":\"https:\/\/vellaescola.gal\/wp-content\/uploads\/2026\/03\/World_Chase_Tag_Galicia_2026.jpg\",\"datePublished\":\"2026-03-14T20:40:16+00:00\",\"dateModified\":\"2026-03-15T09:15:38+00:00\",\"author\":{\"@id\":\"https:\/\/vellaescola.gal\/#\/schema\/person\/23b463cde07005c21642e587efe1c6f9\"},\"description\":\"El World Chase Tag llega a Galicia en 2026! Descubre el calendario entrena en el \u00fanico Quad\u2122 permanente y \u00fanete a la familia del WCT.\",\"breadcrumb\":{\"@id\":\"https:\/\/vellaescola.gal\/world-chase-tag-galicia-2026\/#breadcrumb\"},\"inLanguage\":\"gl-ES\",\"potentialAction\":[{\"@type\":\"ReadAction\",\"target\":[\"https:\/\/vellaescola.gal\/world-chase-tag-galicia-2026\/\"]}]},{\"@type\":\"ImageObject\",\"inLanguage\":\"gl-ES\",\"@id\":\"https:\/\/vellaescola.gal\/world-chase-tag-galicia-2026\/#primaryimage\",\"url\":\"https:\/\/vellaescola.gal\/wp-content\/uploads\/2026\/03\/World_Chase_Tag_Galicia_2026.jpg\",\"contentUrl\":\"https:\/\/vellaescola.gal\/wp-content\/uploads\/2026\/03\/World_Chase_Tag_Galicia_2026.jpg\",\"width\":1079,\"height\":809},{\"@type\":\"BreadcrumbList\",\"@id\":\"https:\/\/vellaescola.gal\/world-chase-tag-galicia-2026\/#breadcrumb\",\"itemListElement\":[{\"@type\":\"ListItem\",\"position\":1,\"name\":\"Home\",\"item\":\"https:\/\/vellaescola.gal\/\"},{\"@type\":\"ListItem\",\"position\":2,\"name\":\"World Chase Tag 2026 en Galicia: arranca la temporada con Motion Academy y Vella Escola\"}]},{\"@type\":\"WebSite\",\"@id\":\"https:\/\/vellaescola.gal\/#website\",\"url\":\"https:\/\/vellaescola.gal\/\",\"name\":\"VELLA ESCOLA Cultura Urbana\",\"description\":\"L\u00edderes en Cultura Urbana en Galicia desde 2009. Talleres de Graffiti, Skate, Parkour y Breakdance para eventos e instituciones. Murales para empresas y particulares en toda Espa\u00f1a.\",\"potentialAction\":[{\"@type\":\"SearchAction\",\"target\":{\"@type\":\"EntryPoint\",\"urlTemplate\":\"https:\/\/vellaescola.gal\/?s={search_term_string}\"},\"query-input\":{\"@type\":\"PropertyValueSpecification\",\"valueRequired\":true,\"valueName\":\"search_term_string\"}}],\"inLanguage\":\"gl-ES\"},{\"@type\":\"Person\",\"@id\":\"https:\/\/vellaescola.gal\/#\/schema\/person\/23b463cde07005c21642e587efe1c6f9\",\"name\":\"Vella Escola\",\"image\":{\"@type\":\"ImageObject\",\"inLanguage\":\"gl-ES\",\"@id\":\"https:\/\/secure.gravatar.com\/avatar\/1bbf76864eea0e79eb3518b430cd3a890a26fcd8225db93b187951b4ee7b2bbc?s=96&d=mm&r=g\",\"url\":\"https:\/\/secure.gravatar.com\/avatar\/1bbf76864eea0e79eb3518b430cd3a890a26fcd8225db93b187951b4ee7b2bbc?s=96&d=mm&r=g\",\"contentUrl\":\"https:\/\/secure.gravatar.com\/avatar\/1bbf76864eea0e79eb3518b430cd3a890a26fcd8225db93b187951b4ee7b2bbc?s=96&d=mm&r=g\",\"caption\":\"Vella Escola\"},\"description\":\"Vella Escola\u00ae \u00e9 unha asociaci\u00f3n especializada na organizaci\u00f3n e difusi\u00f3n de actividades relacionadas coa Cultura Urbana en Galicia: breakdance, graffiti, skateboard, rap, beatbox, parkour, turntablism (DJ), street basket, danzas de r\u00faa, bmx, slackline, capoeira\u2026\",\"sameAs\":[\"http:\/\/www.vellaescola.com\"],\"url\":\"https:\/\/vellaescola.gal\/gl\/author\/vella_escolahotmail-com\/\"}]}<\/script>\n<!-- \/ Yoast SEO plugin. -->","yoast_head_json":{"title":"World Chase Tag en Galicia: Temporada 2026","description":"El World Chase Tag llega a Galicia en 2026! Descubre el calendario entrena en el \u00fanico Quad\u2122 permanente y \u00fanete a la familia del WCT.","robots":{"index":"index","follow":"follow","max-snippet":"max-snippet:-1","max-image-preview":"max-image-preview:large","max-video-preview":"max-video-preview:-1"},"canonical":"https:\/\/vellaescola.gal\/gl\/world-chase-tag-galicia-2026\/","og_locale":"gl_ES","og_type":"article","og_title":"World Chase Tag en Galicia: Temporada 2026","og_description":"El World Chase Tag llega a Galicia en 2026! Descubre el calendario entrena en el \u00fanico Quad\u2122 permanente y \u00fanete a la familia del WCT.","og_url":"https:\/\/vellaescola.gal\/gl\/world-chase-tag-galicia-2026\/","og_site_name":"VELLA ESCOLA Cultura Urbana","article_published_time":"2026-03-14T20:40:16+00:00","article_modified_time":"2026-03-15T09:15:38+00:00","og_image":[{"width":1079,"height":809,"url":"https:\/\/vellaescola.gal\/wp-content\/uploads\/2026\/03\/World_Chase_Tag_Galicia_2026.jpg","type":"image\/jpeg"}],"author":"Vella Escola","twitter_misc":{"Escrito por":"Vella Escola","Tempo de lectura":"16 minutos"},"schema":{"@context":"https:\/\/schema.org","@graph":[{"@type":"Article","@id":"https:\/\/vellaescola.gal\/world-chase-tag-galicia-2026\/#article","isPartOf":{"@id":"https:\/\/vellaescola.gal\/world-chase-tag-galicia-2026\/"},"author":{"name":"Vella Escola","@id":"https:\/\/vellaescola.gal\/#\/schema\/person\/23b463cde07005c21642e587efe1c6f9"},"headline":"World Chase Tag 2026 en Galicia: arranca la temporada con Motion Academy y Vella Escola","datePublished":"2026-03-14T20:40:16+00:00","dateModified":"2026-03-15T09:15:38+00:00","mainEntityOfPage":{"@id":"https:\/\/vellaescola.gal\/world-chase-tag-galicia-2026\/"},"wordCount":3192,"image":{"@id":"https:\/\/vellaescola.gal\/world-chase-tag-galicia-2026\/#primaryimage"},"thumbnailUrl":"https:\/\/vellaescola.gal\/wp-content\/uploads\/2026\/03\/World_Chase_Tag_Galicia_2026.jpg","keywords":["Chase tag","Chase tag Espa\u00f1a","competiciones de Chase tag","Liga de WCT","pilla pilla","Quad en A Coru\u00f1a","world Chase tag"],"articleSection":["Deportes Urbanos y Parks"],"inLanguage":"gl-ES"},{"@type":"WebPage","@id":"https:\/\/vellaescola.gal\/world-chase-tag-galicia-2026\/","url":"https:\/\/vellaescola.gal\/world-chase-tag-galicia-2026\/","name":"World Chase Tag en Galicia: Temporada 2026","isPartOf":{"@id":"https:\/\/vellaescola.gal\/#website"},"primaryImageOfPage":{"@id":"https:\/\/vellaescola.gal\/world-chase-tag-galicia-2026\/#primaryimage"},"image":{"@id":"https:\/\/vellaescola.gal\/world-chase-tag-galicia-2026\/#primaryimage"},"thumbnailUrl":"https:\/\/vellaescola.gal\/wp-content\/uploads\/2026\/03\/World_Chase_Tag_Galicia_2026.jpg","datePublished":"2026-03-14T20:40:16+00:00","dateModified":"2026-03-15T09:15:38+00:00","author":{"@id":"https:\/\/vellaescola.gal\/#\/schema\/person\/23b463cde07005c21642e587efe1c6f9"},"description":"El World Chase Tag llega a Galicia en 2026! Descubre el calendario entrena en el \u00fanico Quad\u2122 permanente y \u00fanete a la familia del WCT.","breadcrumb":{"@id":"https:\/\/vellaescola.gal\/world-chase-tag-galicia-2026\/#breadcrumb"},"inLanguage":"gl-ES","potentialAction":[{"@type":"ReadAction","target":["https:\/\/vellaescola.gal\/world-chase-tag-galicia-2026\/"]}]},{"@type":"ImageObject","inLanguage":"gl-ES","@id":"https:\/\/vellaescola.gal\/world-chase-tag-galicia-2026\/#primaryimage","url":"https:\/\/vellaescola.gal\/wp-content\/uploads\/2026\/03\/World_Chase_Tag_Galicia_2026.jpg","contentUrl":"https:\/\/vellaescola.gal\/wp-content\/uploads\/2026\/03\/World_Chase_Tag_Galicia_2026.jpg","width":1079,"height":809},{"@type":"BreadcrumbList","@id":"https:\/\/vellaescola.gal\/world-chase-tag-galicia-2026\/#breadcrumb","itemListElement":[{"@type":"ListItem","position":1,"name":"Home","item":"https:\/\/vellaescola.gal\/"},{"@type":"ListItem","position":2,"name":"World Chase Tag 2026 en Galicia: arranca la temporada con Motion Academy y Vella Escola"}]},{"@type":"WebSite","@id":"https:\/\/vellaescola.gal\/#website","url":"https:\/\/vellaescola.gal\/","name":"VELLA ESCOLA Cultura Urbana","description":"L\u00edderes en Cultura Urbana en Galicia dende 2009. Obradoiros de Graffiti, Skate, Parkour e Breakdance para eventos e instituci\u00f3ns. Murais para empresas e particulares en toda Espa\u00f1a.","potentialAction":[{"@type":"SearchAction","target":{"@type":"EntryPoint","urlTemplate":"https:\/\/vellaescola.gal\/?s={search_term_string}"},"query-input":{"@type":"PropertyValueSpecification","valueRequired":true,"valueName":"search_term_string"}}],"inLanguage":"gl-ES"},{"@type":"Person","@id":"https:\/\/vellaescola.gal\/#\/schema\/person\/23b463cde07005c21642e587efe1c6f9","name":"Vella Escola","image":{"@type":"ImageObject","inLanguage":"gl-ES","@id":"https:\/\/secure.gravatar.com\/avatar\/1bbf76864eea0e79eb3518b430cd3a890a26fcd8225db93b187951b4ee7b2bbc?s=96&d=mm&r=g","url":"https:\/\/secure.gravatar.com\/avatar\/1bbf76864eea0e79eb3518b430cd3a890a26fcd8225db93b187951b4ee7b2bbc?s=96&d=mm&r=g","contentUrl":"https:\/\/secure.gravatar.com\/avatar\/1bbf76864eea0e79eb3518b430cd3a890a26fcd8225db93b187951b4ee7b2bbc?s=96&d=mm&r=g","caption":"Vella Escola"},"description":"Vella Escola\u00ae \u00e9 unha asociaci\u00f3n especializada na organizaci\u00f3n e difusi\u00f3n de actividades relacionadas coa Cultura Urbana en Galicia: breakdance, graffiti, skateboard, rap, beatbox, parkour, turntablism (DJ), street basket, bailes urbanos, bmx, slackline, capoeira...","sameAs":["http:\/\/www.vellaescola.com"],"url":"https:\/\/vellaescola.gal\/gl\/author\/vella_escolahotmail-com\/"}]}},"_links":{"self":[{"href":"https:\/\/vellaescola.gal\/gl\/wp-json\/wp\/v2\/posts\/16837","targetHints":{"allow":["GET"]}}],"collection":[{"href":"https:\/\/vellaescola.gal\/gl\/wp-json\/wp\/v2\/posts"}],"about":[{"href":"https:\/\/vellaescola.gal\/gl\/wp-json\/wp\/v2\/types\/post"}],"author":[{"embeddable":true,"href":"https:\/\/vellaescola.gal\/gl\/wp-json\/wp\/v2\/users\/1"}],"replies":[{"embeddable":true,"href":"https:\/\/vellaescola.gal\/gl\/wp-json\/wp\/v2\/comments?post=16837"}],"version-history":[{"count":4,"href":"https:\/\/vellaescola.gal\/gl\/wp-json\/wp\/v2\/posts\/16837\/revisions"}],"predecessor-version":[{"id":16864,"href":"https:\/\/vellaescola.gal\/gl\/wp-json\/wp\/v2\/posts\/16837\/revisions\/16864"}],"wp:featuredmedia":[{"embeddable":true,"href":"https:\/\/vellaescola.gal\/gl\/wp-json\/wp\/v2\/media\/16836"}],"wp:attachment":[{"href":"https:\/\/vellaescola.gal\/gl\/wp-json\/wp\/v2\/media?parent=16837"}],"wp:term":[{"taxonomy":"category","embeddable":true,"href":"https:\/\/vellaescola.gal\/gl\/wp-json\/wp\/v2\/categories?post=16837"},{"taxonomy":"post_tag","embeddable":true,"href":"https:\/\/vellaescola.gal\/gl\/wp-json\/wp\/v2\/tags?post=16837"}],"curies":[{"name":"wp","href":"https:\/\/api.w.org\/{rel}","templated":true}]}}